{"id":3021,"date":"2017-09-25T20:01:26","date_gmt":"2017-09-25T18:01:26","guid":{"rendered":"http:\/\/bautzener-crossduathlon.allisat-software.net\/?p=3021"},"modified":"2018-07-02T16:38:50","modified_gmt":"2018-07-02T14:38:50","slug":"gelungene-wettkaempfe-im-regen","status":"publish","type":"post","link":"https:\/\/www.bautzener-crossduathlon.de\/?p=3021","title":{"rendered":"Gelungene Wettk\u00e4mpfe im Regen"},"content":{"rendered":"<p><span style=\"color: #000000; font-family: Calibri;\">Wahrscheinlich w\u00e4ren bei den Wettk\u00e4mpfern und den Zuschauern neue Rekordbeteiligungen f\u00e4llig gewesen. Aber das Wetter macht den zahlreichen Helfern des Bautzener Leichtathletikvereins einen Strich durch die Rechnung. Trotz einer wieder bestens vorbereiteten Wettkampfarena in den zweckentfremdeten Gefilden des Bautzener Humboldthain konnten die Teilnehmerzahlen nur leicht steigen. Manch einer hat sich im Angesicht der Witterung einfach nur im Bett umgedreht.<\/span><br \/>\n<span style=\"color: #000000; font-family: Calibri;\">\u00a0<\/span><br \/>\n<span style=\"color: #000000; font-family: Calibri;\">Dennoch begannen die J\u00fcngsten im Starterfeld p\u00fcnktlich um 10.00 Uhr ihren Wettkampf. Sie mussten am meisten unter dem Wetter leiden, denn der Regen begleitete sie \u00fcber die gesamte Dauer des Wettkampfs. Wer von ihnen heute ganz oben auf dem Treppchen stehen wollte, musste die Geschwister Eschler vom SV Elbland Coswig- Mei\u00dfen besiegen. Am Ende standen Fynn, Ole und Naja Eschler in ihren Altersklassen unangefochten an der Spitze und auf dem Podest. Alle drei landeten einen Start-Ziel-Sieg.<\/span><br \/>\n<span style=\"color: #000000; font-family: Calibri;\">\u00a0<\/span><br \/>\n<span style=\"color: #000000; font-family: Calibri;\">Um 11.00 Uhr, der Regen war in einen leichten Niesel \u00fcbergegangen, starteten die Jugend B und die Jederm\u00e4nner light ihren Wettkampf. Obgleich in v\u00f6llig unterschiedlichen Altersklassen startend, lieferten sich Clemens Kumpe vom RSV Bautzen und Malte Kreibich vom SC Riesa ein beherztes Rennen. Bis zum Ende der ersten Radrunde konnte Malte das Rennen offen gestalten, sp\u00e4ter konnte er dem von Clemens forciertem Tempo kaum noch folgen. Sowohl Clemens, als auch Malte konnten in ihren Altersklassen klare Siege einfahren. Mit Fritz Bjarsch belegte ein weiterer Bautzener den zweiten Platz in der Jugend B.<\/span><br \/>\n<span style=\"color: #000000; font-family: Calibri;\">\u00a0<\/span><br \/>\n<span style=\"color: #000000; font-family: Calibri;\">In der Mittagspause fanden die Siegerehrungen f\u00fcr die j\u00fcngsten Teilnehmer statt und das gro\u00dfe Finale, der Hauptlauf des Tages, ging in seine unmittelbare Vorbereitung \u00fcber. <\/span><br \/>\n<span style=\"color: #000000; font-family: Calibri;\">\u00a0<\/span><br \/>\n<span style=\"color: #000000; font-family: Calibri;\">Mit 40 Jederm\u00e4nnern und nat\u00fcrlich Jederfrauen im Einzelwettbewerb und 19 Staffeln stand Punkt 13. 00 Uhr ein stattliches Teilnehmerfeld am Start. Zu den anr\u00fchrenden Kl\u00e4ngen der Startmelodie der Challenge Roth wurde von 10 r\u00fcckw\u00e4rts gez\u00e4hlt und als die Starter schon die erste Kurve passierten, kam der Schuss aus der Pistole von Maik Petzold. Der Regen eben. <\/span><br \/>\n<img loading=\"lazy\" class=\"alignnone size-medium wp-image-3035\" src=\"http:\/\/bautzener-crossduathlon.allisat-software.net\/wp-content\/uploads\/2017\/09\/125936-3785-300x200.jpg\" alt=\"\" width=\"300\" height=\"200\" srcset=\"https:\/\/www.bautzener-crossduathlon.de\/wp-content\/uploads\/2017\/09\/125936-3785-300x200.jpg 300w, https:\/\/www.bautzener-crossduathlon.de\/wp-content\/uploads\/2017\/09\/125936-3785-150x100.jpg 150w, https:\/\/www.bautzener-crossduathlon.de\/wp-content\/uploads\/2017\/09\/125936-3785-768x512.jpg 768w, https:\/\/www.bautzener-crossduathlon.de\/wp-content\/uploads\/2017\/09\/125936-3785-1024x683.jpg 1024w\" sizes=\"(max-width: 300px) 100vw, 300px\" \/><br \/>\n<span style=\"color: #000000; font-family: Calibri;\">\u00a0<\/span><br \/>\n<span style=\"color: #000000; font-family: Calibri;\">F\u00fcr Peter Lehmann vom SV Elbland Coswig-Mei\u00dfen war der Wettkampf eine klare Angelegenheit. Bereits nach der ersten Laufrunde in F\u00fchrung liegend, baute er seinen Vorsprung von Radrunde zu Radrunde immer weiter aus und konnte so mit einem sicheren Zeitpolster in die zweite Laufrunde gehen. Mit letztlich 7 Minuten Vorsprung und neuer Bestzeit gab es einen \u00fcberlegenen Sieger. <\/span><br \/>\n<span style=\"color: #000000; font-family: Calibri;\"><img loading=\"lazy\" class=\"alignnone size-medium wp-image-3031\" src=\"http:\/\/bautzener-crossduathlon.allisat-software.net\/wp-content\/uploads\/2017\/09\/130822-3805-200x300.jpg\" alt=\"\" width=\"200\" height=\"300\" srcset=\"https:\/\/www.bautzener-crossduathlon.de\/wp-content\/uploads\/2017\/09\/130822-3805-200x300.jpg 200w, https:\/\/www.bautzener-crossduathlon.de\/wp-content\/uploads\/2017\/09\/130822-3805-100x150.jpg 100w, https:\/\/www.bautzener-crossduathlon.de\/wp-content\/uploads\/2017\/09\/130822-3805-768x1152.jpg 768w, https:\/\/www.bautzener-crossduathlon.de\/wp-content\/uploads\/2017\/09\/130822-3805-683x1024.jpg 683w, https:\/\/www.bautzener-crossduathlon.de\/wp-content\/uploads\/2017\/09\/130822-3805.jpg 1504w\" sizes=\"(max-width: 200px) 100vw, 200px\" \/> <img loading=\"lazy\" class=\"alignnone size-medium wp-image-3032\" src=\"http:\/\/bautzener-crossduathlon.allisat-software.net\/wp-content\/uploads\/2017\/09\/134618-4260-200x300.jpg\" alt=\"\" width=\"200\" height=\"300\" srcset=\"https:\/\/www.bautzener-crossduathlon.de\/wp-content\/uploads\/2017\/09\/134618-4260-200x300.jpg 200w, https:\/\/www.bautzener-crossduathlon.de\/wp-content\/uploads\/2017\/09\/134618-4260-100x150.jpg 100w, https:\/\/www.bautzener-crossduathlon.de\/wp-content\/uploads\/2017\/09\/134618-4260-768x1152.jpg 768w, https:\/\/www.bautzener-crossduathlon.de\/wp-content\/uploads\/2017\/09\/134618-4260-683x1024.jpg 683w, https:\/\/www.bautzener-crossduathlon.de\/wp-content\/uploads\/2017\/09\/134618-4260.jpg 1504w\" sizes=\"(max-width: 200px) 100vw, 200px\" \/> <img loading=\"lazy\" class=\"alignnone size-medium wp-image-3033\" src=\"http:\/\/bautzener-crossduathlon.allisat-software.net\/wp-content\/uploads\/2017\/09\/141207-4500-200x300.jpg\" alt=\"\" width=\"200\" height=\"300\" srcset=\"https:\/\/www.bautzener-crossduathlon.de\/wp-content\/uploads\/2017\/09\/141207-4500-200x300.jpg 200w, https:\/\/www.bautzener-crossduathlon.de\/wp-content\/uploads\/2017\/09\/141207-4500-100x150.jpg 100w, https:\/\/www.bautzener-crossduathlon.de\/wp-content\/uploads\/2017\/09\/141207-4500-768x1152.jpg 768w, https:\/\/www.bautzener-crossduathlon.de\/wp-content\/uploads\/2017\/09\/141207-4500-683x1024.jpg 683w, https:\/\/www.bautzener-crossduathlon.de\/wp-content\/uploads\/2017\/09\/141207-4500.jpg 1504w\" sizes=\"(max-width: 200px) 100vw, 200px\" \/>\u00a0<\/span><br \/>\n<span style=\"color: #000000; font-family: Calibri;\">Hinter Peter Lehmann wurde es noch einmal richtig spannend. Der lange Zeit auf Platz 2 liegende Rene Eschler, musste sich beim abschlie\u00dfenden Laufen noch knapp Torsten Pawel vom TV Dresden geschlagen geben.<\/span><br \/>\n<span style=\"color: #000000; font-family: Calibri;\">\u00a0<\/span><br \/>\n<span style=\"color: #000000; font-family: Calibri;\">Bei den Mixstaffeln wurde das Gespann des RSV Bautzen mit einer gut aufgelegten Lili-Marlen Reichwald und einem sehr stark fahrenden Silvio Hausschild ungef\u00e4hrdeter Sieger. Ebenfalls stark auf dem Rad fuhr Rene Dutschke seine M\u00e4nnerstaffel von der KWV Zittau zum Sieg.<\/span><br \/>\n<span style=\"color: #000000; font-family: Calibri;\">\u00a0<\/span><br \/>\n<span style=\"color: #000000; font-family: Calibri;\">Bei den Frauen im Einzelwettbewerb siegte Theresa Werner. Befragt nach ihren n\u00e4chsten Pl\u00e4nen, benutzte sie ein gefl\u00fcgeltes Wort, das von den Triathleten nach einer anstrengenden Wettkampfzeit herbeigesehnt wird. Jetzt ist \u201eOff- Season\u201c.<\/span><br \/>\n<span style=\"color: #000000; font-family: Calibri;\">\u00a0<\/span><br \/>\n<span style=\"color: #000000; font-family: Calibri;\">Trotz aller Witterungsunbilden konnte man wieder einen gut organisierten und tollen Wettkampf erleben. Und nat\u00fcrlich, das kleine Jubil\u00e4um 5 wird 2018 mit Sicherheit stattfinden. Und hoffentlich dann bei besserem Wetter.<\/span><br \/>\n<em>24.09.2017 &#8211; Bernd Kreibich (Text), Uwe Warmuth (Fotos)<\/em><\/p>\n","protected":false},"excerpt":{"rendered":"<p>Wahrscheinlich w\u00e4ren bei den Wettk\u00e4mpfern und den Zuschauern neue Rekordbeteiligungen f\u00e4llig gewesen. Aber das Wetter macht den zahlreichen Helfern des Bautzener Leichtathletikvereins einen Strich durch die Rechnung. Trotz einer wieder bestens vorbereiteten Wettkampfarena in den zweckentfremdeten Gefilden des Bautzener Humboldthain konnten die Teilnehmerzahlen nur leicht steigen. Manch einer hat sich im Angesicht der Witterung einfach [&hellip;]<\/p>\n","protected":false},"author":6,"featured_media":3035,"comment_status":"open","ping_status":"open","sticky":false,"template":"","format":"standard","meta":[],"categories":[50,1],"tags":[],"acf":[],"_links":{"self":[{"href":"https:\/\/www.bautzener-crossduathlon.de\/index.php?rest_route=\/wp\/v2\/posts\/3021"}],"collection":[{"href":"https:\/\/www.bautzener-crossduathlon.de\/index.php?rest_route=\/wp\/v2\/posts"}],"about":[{"href":"https:\/\/www.bautzener-crossduathlon.de\/index.php?rest_route=\/wp\/v2\/types\/post"}],"author":[{"embeddable":true,"href":"https:\/\/www.bautzener-crossduathlon.de\/index.php?rest_route=\/wp\/v2\/users\/6"}],"replies":[{"embeddable":true,"href":"https:\/\/www.bautzener-crossduathlon.de\/index.php?rest_route=%2Fwp%2Fv2%2Fcomments&post=3021"}],"version-history":[{"count":4,"href":"https:\/\/www.bautzener-crossduathlon.de\/index.php?rest_route=\/wp\/v2\/posts\/3021\/revisions"}],"predecessor-version":[{"id":3037,"href":"https:\/\/www.bautzener-crossduathlon.de\/index.php?rest_route=\/wp\/v2\/posts\/3021\/revisions\/3037"}],"wp:featuredmedia":[{"embeddable":true,"href":"https:\/\/www.bautzener-crossduathlon.de\/index.php?rest_route=\/wp\/v2\/media\/3035"}],"wp:attachment":[{"href":"https:\/\/www.bautzener-crossduathlon.de\/index.php?rest_route=%2Fwp%2Fv2%2Fmedia&parent=3021"}],"wp:term":[{"taxonomy":"category","embeddable":true,"href":"https:\/\/www.bautzener-crossduathlon.de\/index.php?rest_route=%2Fwp%2Fv2%2Fcategories&post=3021"},{"taxonomy":"post_tag","embeddable":true,"href":"https:\/\/www.bautzener-crossduathlon.de\/index.php?rest_route=%2Fwp%2Fv2%2Ftags&post=3021"}],"curies":[{"name":"wp","href":"https:\/\/api.w.org\/{rel}","templated":true}]}}